{"id":94,"date":"2023-09-12T16:39:35","date_gmt":"2023-09-12T14:39:35","guid":{"rendered":"http:\/\/patrimoine.lagaude.fr\/?p=94"},"modified":"2025-06-17T15:25:57","modified_gmt":"2025-06-17T13:25:57","slug":"la-chapelle-saint-ange","status":"publish","type":"post","link":"https:\/\/patrimoine.lagaude.fr\/index.php\/2023\/09\/12\/la-chapelle-saint-ange\/","title":{"rendered":"Chapelle Saint-Ange"},"content":{"rendered":"\n<div class=\"wp-block-media-text is-stacked-on-mobile is-vertically-aligned-top\"><figure class=\"wp-block-media-text__media\"><img loading=\"lazy\" decoding=\"async\" width=\"683\" height=\"1024\" src=\"https:\/\/patrimoine.lagaude.fr\/wp-content\/uploads\/2021\/06\/IMG_5062-683x1024.jpg\" alt=\"Chappelle Saint-Ange\" class=\"wp-image-361 size-full\" srcset=\"https:\/\/patrimoine.lagaude.fr\/wp-content\/uploads\/2021\/06\/IMG_5062-683x1024.jpg 683w, https:\/\/patrimoine.lagaude.fr\/wp-content\/uploads\/2021\/06\/IMG_5062-200x300.jpg 200w, https:\/\/patrimoine.lagaude.fr\/wp-content\/uploads\/2021\/06\/IMG_5062-768x1152.jpg 768w, https:\/\/patrimoine.lagaude.fr\/wp-content\/uploads\/2021\/06\/IMG_5062-1024x1536.jpg 1024w, https:\/\/patrimoine.lagaude.fr\/wp-content\/uploads\/2021\/06\/IMG_5062-1365x2048.jpg 1365w, https:\/\/patrimoine.lagaude.fr\/wp-content\/uploads\/2021\/06\/IMG_5062-1160x1740.jpg 1160w, https:\/\/patrimoine.lagaude.fr\/wp-content\/uploads\/2021\/06\/IMG_5062-scaled.jpg 1707w\" sizes=\"auto, (max-width: 683px) 100vw, 683px\" \/><\/figure><div class=\"wp-block-media-text__content\">\n<p>La chapelle a \u00e9t\u00e9 \u00e9difi\u00e9e en 1875 pour l&rsquo;usage des P\u00e9nitents blancs. Elle sert alors d\u2019\u00e9glise de secours entre 1876 et 1890 pendant les travaux de l&rsquo;\u00e9glise paroissiale Sainte-Victoire.<\/p>\n\n\n\n<p><strong>En 1911 elle devient patrimoine communal et accueille notamment le cin\u00e9ma itin\u00e9rant.<\/strong><\/p>\n\n\n\n<p>Entre 1996 et 2003 elle est restaur\u00e9e et embellie par les fresques d\u2019Alexis OBOLENSKY, peintre sculpteur Ni\u00e7ois. L\u2019ensemble des murs est recouvert de c\u00e9ramiques murales inspir\u00e9es des sc\u00e8nes de l\u2019\u00c9vangile.<\/p>\n\n\n\n<p>Le maitre-verrier Alain PEINADO r\u00e9alise de remarquables vitraux. Le p\u00e9lican repr\u00e9sent\u00e9 sur le vitrail de la lucarne, en fa\u00e7ade, est le symbole des P\u00e9nitents blancs.<\/p>\n\n\n\n<h2 class=\"wp-block-heading has-large-font-size\">Visite de la Chapelle<\/h2>\n\n\n\n<p class=\"has-background\" style=\"background-color:#e9eaeb\">Visite libre avec pr\u00eat de la cl\u00e9, \u00e0 retirer \u00e0 l&rsquo;accueil de la mairie <em>(contre d\u00e9p\u00f4t d&rsquo;une pi\u00e8ce d&rsquo;identit\u00e9)<\/em>.<br><br><strong>Visite du lundi au vendredi de 8h30 \u00e0 11h30 et de 14h \u00e0 17h.<\/strong><br>Renseignement et r\u00e9servation au 04 93 59 41 41<\/p>\n<\/div><\/div>\n\n\n\n<div class=\"wp-block-buttons is-layout-flex wp-block-buttons-is-layout-flex\">\n<div class=\"wp-block-button is-style-fill\"><a class=\"wp-block-button__link has-white-color has-text-color has-background wp-element-button\" href=\"https:\/\/goo.gl\/maps\/ESFffVQR9oxe9uPA9\" style=\"background-color:#1e2b52\" target=\"_blank\" rel=\"noreferrer noopener\">Localiser le lieu<\/a><\/div>\n<\/div>\n","protected":false},"excerpt":{"rendered":"<p>La chapelle a \u00e9t\u00e9 \u00e9difi\u00e9e en 1875 pour l&rsquo;usage des P\u00e9nitents blancs. Elle sert alors d\u2019\u00e9glise de secours entre 1876 et 1890 pendant les travaux de l&rsquo;\u00e9glise paroissiale Sainte-Victoire. En 1911 elle devient patrimoine communal et accueille notamment le cin\u00e9ma itin\u00e9rant. Entre 1996 et 2003 elle est restaur\u00e9e et embellie par les fresques d\u2019Alexis OBOLENSKY, peintre sculpteur Ni\u00e7ois. L\u2019ensemble des murs est recouvert de c\u00e9ramiques murales inspir\u00e9es des sc\u00e8nes de l\u2019\u00c9vangile. Le maitre-verrier Alain PEINADO r\u00e9alise de remarquables vitraux. Le p\u00e9lican repr\u00e9sent\u00e9 sur le vitrail de la lucarne, en fa\u00e7ade, est le symbole des P\u00e9nitents blancs. Visite de la Chapelle Visite libre avec pr\u00eat de la cl\u00e9, \u00e0 retirer \u00e0 l&rsquo;accueil de la mairie (contre d\u00e9p\u00f4t d&rsquo;une pi\u00e8ce d&rsquo;identit\u00e9). Visite du lundi au vendredi de 8h30 \u00e0 11h30 et de 14h \u00e0 17h.Renseignement et r\u00e9servation au 04 93 59 41 41<\/p>\n","protected":false},"author":1,"featured_media":365,"comment_status":"closed","ping_status":"closed","sticky":true,"template":"","format":"standard","meta":{"footnotes":""},"categories":[13],"tags":[],"class_list":["post-94","post","type-post","status-publish","format-standard","has-post-thumbnail","hentry","category-heritage-culturel-historique"],"acf":[],"_links":{"self":[{"href":"https:\/\/patrimoine.lagaude.fr\/index.php\/wp-json\/wp\/v2\/posts\/94","targetHints":{"allow":["GET"]}}],"collection":[{"href":"https:\/\/patrimoine.lagaude.fr\/index.php\/wp-json\/wp\/v2\/posts"}],"about":[{"href":"https:\/\/patrimoine.lagaude.fr\/index.php\/wp-json\/wp\/v2\/types\/post"}],"author":[{"embeddable":true,"href":"https:\/\/patrimoine.lagaude.fr\/index.php\/wp-json\/wp\/v2\/users\/1"}],"replies":[{"embeddable":true,"href":"https:\/\/patrimoine.lagaude.fr\/index.php\/wp-json\/wp\/v2\/comments?post=94"}],"version-history":[{"count":24,"href":"https:\/\/patrimoine.lagaude.fr\/index.php\/wp-json\/wp\/v2\/posts\/94\/revisions"}],"predecessor-version":[{"id":694,"href":"https:\/\/patrimoine.lagaude.fr\/index.php\/wp-json\/wp\/v2\/posts\/94\/revisions\/694"}],"wp:featuredmedia":[{"embeddable":true,"href":"https:\/\/patrimoine.lagaude.fr\/index.php\/wp-json\/wp\/v2\/media\/365"}],"wp:attachment":[{"href":"https:\/\/patrimoine.lagaude.fr\/index.php\/wp-json\/wp\/v2\/media?parent=94"}],"wp:term":[{"taxonomy":"category","embeddable":true,"href":"https:\/\/patrimoine.lagaude.fr\/index.php\/wp-json\/wp\/v2\/categories?post=94"},{"taxonomy":"post_tag","embeddable":true,"href":"https:\/\/patrimoine.lagaude.fr\/index.php\/wp-json\/wp\/v2\/tags?post=94"}],"curies":[{"name":"wp","href":"https:\/\/api.w.org\/{rel}","templated":true}]}}