{"id":90,"date":"2023-09-12T09:03:24","date_gmt":"2023-09-12T07:03:24","guid":{"rendered":"http:\/\/patrimoine.lagaude.fr\/?p=90"},"modified":"2025-09-19T12:02:57","modified_gmt":"2025-09-19T10:02:57","slug":"leglise-sainte-victoire","status":"publish","type":"post","link":"https:\/\/patrimoine.lagaude.fr\/index.php\/2023\/09\/12\/leglise-sainte-victoire\/","title":{"rendered":"L\u2019\u00e9glise Sainte-Victoire"},"content":{"rendered":"\n<p>Le seigneur de La Gaude, Scipion de Villeneuve, conc\u00e8de l\u2019emplacement et les travaux commencent. Le 6 janvier 1629, l\u2019\u00e9glise est b\u00e9nite. <strong>D\u2019abord consacr\u00e9e \u00e0 Saint-Pierre, elle l\u2019est ensuite \u00e0 Sainte-Victoire en 1646.<\/strong><\/p>\n\n\n\n<p>Au XVIIe si\u00e8cle, l\u2019\u00e9glise est agrandie par l\u2019ajout d\u2019une chapelle au sud et pourvue de deux cloches. Les cloches sont vol\u00e9es par l\u2019arm\u00e9e sarde en 1707, remplac\u00e9es d\u00e8s 1709 puis refondues en 1727. Dans leur \u00e9tat actuel, sous les vocables de Saint-Pierre et de Sainte-Marie, les deux cloches de La Gaude datent de 1820.<\/p>\n\n\n\n<p><strong>C\u2019est dans la deuxi\u00e8me moiti\u00e9 du XIXe si\u00e8cle que l\u2019\u00e9glise est transform\u00e9e pour prendre son visage actuel.<\/strong><\/p>\n\n\n\n<p>A l\u2019int\u00e9rieur, sur le mur lat\u00e9ral gauche figure la toile la plus ancienne de l\u2019\u00e9glise, une Sainte-Victoire entre Sainte-Agathe et Sainte-P\u00e9tronille (1695). Des tableaux plus r\u00e9cents&nbsp;: La Piet\u00e0, dans la chapelle, d\u2019Albert BRABO, peintre aux multiples talents ayant v\u00e9cu \u00e0 La Gaude. Dans la nef principale, deux grandes toiles repr\u00e9sentant la Crucifixion du Christ, peintes par Liliane REES. Enfin, de beaux vitraux r\u00e9alis\u00e9s en 1977 par le ma\u00eetre-verrier Gaudois Alain PEINADO.<\/p>\n\n\n\n<div class=\"wp-block-buttons is-layout-flex wp-block-buttons-is-layout-flex\">\n<div class=\"wp-block-button is-style-fill\"><a class=\"wp-block-button__link has-white-color has-text-color has-background wp-element-button\" href=\"https:\/\/goo.gl\/maps\/oc9YWvPNuuZba7tY8\" style=\"background-color:#1e2b52\" target=\"_blank\" rel=\"noreferrer noopener\">Localiser le lieu<\/a><\/div>\n<\/div>\n","protected":false},"excerpt":{"rendered":"<p>Le seigneur de La Gaude, Scipion de Villeneuve, conc\u00e8de l\u2019emplacement et les travaux commencent. Le 6 janvier 1629, l\u2019\u00e9glise est b\u00e9nite. D\u2019abord consacr\u00e9e \u00e0 Saint-Pierre, elle l\u2019est ensuite \u00e0 Sainte-Victoire en 1646. Au XVIIe si\u00e8cle, l\u2019\u00e9glise est agrandie par l\u2019ajout d\u2019une chapelle au sud et pourvue de deux cloches. Les cloches sont vol\u00e9es par l\u2019arm\u00e9e sarde en 1707, remplac\u00e9es d\u00e8s 1709 puis refondues en 1727. Dans leur \u00e9tat actuel, sous les vocables de Saint-Pierre et de Sainte-Marie, les deux cloches de La Gaude datent de 1820. C\u2019est dans la deuxi\u00e8me moiti\u00e9 du XIXe si\u00e8cle que l\u2019\u00e9glise est transform\u00e9e pour prendre son visage actuel. A l\u2019int\u00e9rieur, sur le mur lat\u00e9ral gauche figure la toile la plus ancienne de l\u2019\u00e9glise, une Sainte-Victoire entre Sainte-Agathe et Sainte-P\u00e9tronille (1695). Des tableaux plus r\u00e9cents&nbsp;: La Piet\u00e0, dans la chapelle, d\u2019Albert BRABO, peintre aux multiples talents ayant v\u00e9cu \u00e0 La Gaude. Dans la nef principale, deux grandes toiles repr\u00e9sentant la Crucifixion du Christ, peintes par Liliane REES. Enfin, de beaux vitraux r\u00e9alis\u00e9s en 1977 par le ma\u00eetre-verrier Gaudois Alain PEINADO.<\/p>\n","protected":false},"author":1,"featured_media":55,"comment_status":"closed","ping_status":"closed","sticky":true,"template":"","format":"standard","meta":{"footnotes":""},"categories":[13],"tags":[],"class_list":["post-90","post","type-post","status-publish","format-standard","has-post-thumbnail","hentry","category-heritage-culturel-historique"],"acf":[],"_links":{"self":[{"href":"https:\/\/patrimoine.lagaude.fr\/index.php\/wp-json\/wp\/v2\/posts\/90","targetHints":{"allow":["GET"]}}],"collection":[{"href":"https:\/\/patrimoine.lagaude.fr\/index.php\/wp-json\/wp\/v2\/posts"}],"about":[{"href":"https:\/\/patrimoine.lagaude.fr\/index.php\/wp-json\/wp\/v2\/types\/post"}],"author":[{"embeddable":true,"href":"https:\/\/patrimoine.lagaude.fr\/index.php\/wp-json\/wp\/v2\/users\/1"}],"replies":[{"embeddable":true,"href":"https:\/\/patrimoine.lagaude.fr\/index.php\/wp-json\/wp\/v2\/comments?post=90"}],"version-history":[{"count":10,"href":"https:\/\/patrimoine.lagaude.fr\/index.php\/wp-json\/wp\/v2\/posts\/90\/revisions"}],"predecessor-version":[{"id":771,"href":"https:\/\/patrimoine.lagaude.fr\/index.php\/wp-json\/wp\/v2\/posts\/90\/revisions\/771"}],"wp:featuredmedia":[{"embeddable":true,"href":"https:\/\/patrimoine.lagaude.fr\/index.php\/wp-json\/wp\/v2\/media\/55"}],"wp:attachment":[{"href":"https:\/\/patrimoine.lagaude.fr\/index.php\/wp-json\/wp\/v2\/media?parent=90"}],"wp:term":[{"taxonomy":"category","embeddable":true,"href":"https:\/\/patrimoine.lagaude.fr\/index.php\/wp-json\/wp\/v2\/categories?post=90"},{"taxonomy":"post_tag","embeddable":true,"href":"https:\/\/patrimoine.lagaude.fr\/index.php\/wp-json\/wp\/v2\/tags?post=90"}],"curies":[{"name":"wp","href":"https:\/\/api.w.org\/{rel}","templated":true}]}}