{"id":673,"date":"2025-06-17T12:22:21","date_gmt":"2025-06-17T10:22:21","guid":{"rendered":"https:\/\/patrimoine.lagaude.fr\/?p=673"},"modified":"2025-06-17T17:24:55","modified_gmt":"2025-06-17T15:24:55","slug":"pays-dart-et-dhistoire","status":"publish","type":"post","link":"https:\/\/patrimoine.lagaude.fr\/index.php\/2025\/06\/17\/pays-dart-et-dhistoire\/","title":{"rendered":"Label Pays d&rsquo;Art et d&rsquo;Histoire"},"content":{"rendered":"\n<h2 class=\"wp-block-heading\">Grande avanc\u00e9e pour le Pays Ven\u00e7ois !<\/h2>\n\n\n\n<div class=\"wp-block-columns is-layout-flex wp-container-core-columns-is-layout-9d6595d7 wp-block-columns-is-layout-flex\">\n<div class=\"wp-block-column is-layout-flow wp-block-column-is-layout-flow\" style=\"flex-basis:600px\">\n<p>Le Syndicat Intercommunal du Pays de Vence, compos\u00e9 des Communes de Coursegoules, Gatti\u00e8res, La Gaude, Saint-Jeannet, Saint-Paul-de-Vence, Tourrettes-sur-Loup et Vence, a obtenu le fameux label \u00ab Pays d\u2019Art et d\u2019Histoire \u00bb.<\/p>\n\n\n\n<p>Un label d\u2019excellence pour la pr\u00e9servation et la transmission<\/p>\n\n\n\n<p>Ce prestigieux label r\u00e9compense et qualifie les territoires qui s\u2019engagent activement dans\u202f:<\/p>\n\n\n\n<p>Un objectif commun\u202f: valoriser un cadre de vie d\u2019exception pour transmettre aux g\u00e9n\u00e9rations futures les richesses historiques et architecturales de notre territoire par une d\u00e9marche collective et responsable.<\/p>\n\n\n\n<p>La connaissance de leur patrimoine culturel et naturel.<\/p>\n\n\n\n<p>La conservation des t\u00e9moignages architecturaux et historiques. La m\u00e9diation pour sensibiliser le grand public et favoriser l\u2019acc\u00e8s \u00e0 la culture.<\/p>\n\n\n\n<p>Le soutien \u00e0 la cr\u00e9ation.<\/p>\n\n\n\n<p>Un partenariat actif et une d\u00e9marche \u00e0 long terme<\/p>\n\n\n\n<p>La mise en \u0153uvre de ce label repose sur une collaboration \u00e9troite entre l\u2019\u00c9tat et les Collectivit\u00e9s territoriales, formalis\u00e9e par une convention d\u00e9cennale.<\/p>\n\n\n\n<p>Une premi\u00e8re dans les Alpes-Maritimes !<\/p>\n\n\n\n<p>A ce jour, ce r\u00e9seau national compte plus de 200 villes et Pays labellis\u00e9s en France. Si les Alpes-Maritimes comptent d\u00e9j\u00e0 trois villes labellis\u00e9es (Nice, Menton et Grasse), le Pays de Vence est le premier territoire intercommunal \u00e0 obtenir cette distinction d\u2019excellence !<\/p>\n\n\n\n<p>Une reconnaissance qui honore notre patrimoine exceptionnel et souligne l\u2019engagement du Pays Ven\u00e7ois dans la pr\u00e9servation, la valorisation et l\u2019innovation culturelles.<\/p>\n\n\n\n<p>Concr\u00e8tement, le futur service \u00ab Art et Histoire \u00bb d\u00e9veloppera des outils de connaissance (inventaires, brochures, mallettes p\u00e9dagogique), f\u00e9d\u00e9rera des \u00e9v\u00e9nements et visites guid\u00e9es \u00e0 l\u2019occasion d\u2019\u00e9v\u00e9nements nationaux (journ\u00e9es de pays, Journ\u00e9es de l\u2019arch\u00e9ologie, journ\u00e9es Europ\u00e9ennes du Patrimoine) et mettra en place de tr\u00e8s nombreuses actions de sensibilisation aux richesses du patrimoine naturel et culturel. A terme, un Centre d\u2019Interpr\u00e9tation de l\u2019Architecture et du Patrimoine permettra de faire rayonner le Pays de Vence dans une optique de d\u00e9veloppement durable.<\/p>\n\n\n\n<p>Un grand pas en avant pour notre r\u00e9gion, une fiert\u00e9 pour ses habitants \u202f!<\/p>\n\n\n\n<p><em>Source \u00a9Gattieres.fr<\/em><\/p>\n<\/div>\n\n\n\n<div class=\"wp-block-column is-layout-flow wp-block-column-is-layout-flow\"><div class=\"wp-block-image is-style-default\">\n<figure class=\"aligncenter size-medium\"><img loading=\"lazy\" decoding=\"async\" width=\"214\" height=\"300\" src=\"https:\/\/patrimoine.lagaude.fr\/wp-content\/uploads\/2025\/06\/Dossier-de-candidature-214x300.png\" alt=\"\" class=\"wp-image-679\" srcset=\"https:\/\/patrimoine.lagaude.fr\/wp-content\/uploads\/2025\/06\/Dossier-de-candidature-214x300.png 214w, https:\/\/patrimoine.lagaude.fr\/wp-content\/uploads\/2025\/06\/Dossier-de-candidature.png 682w\" sizes=\"auto, (max-width: 214px) 100vw, 214px\" \/><\/figure>\n<\/div>\n\n\n<p class=\"has-text-align-center\">Dossier de candidature <br>au label Pays d&rsquo;Art et D&rsquo;histoire.<\/p>\n\n\n\n<div class=\"wp-block-buttons is-content-justification-center is-layout-flex wp-container-core-buttons-is-layout-16018d1d wp-block-buttons-is-layout-flex\">\n<div class=\"wp-block-button\"><a class=\"wp-block-button__link has-text-align-center wp-element-button\" href=\"https:\/\/heyzine.com\/flip-book\/68519d155b.html#page\/1\" target=\"_blank\" rel=\"noreferrer noopener\">Consulter le livre&#8230;<\/a><\/div>\n<\/div>\n\n\n\n<p><\/p>\n<\/div>\n<\/div>\n\n\n\n<p><\/p>\n\n\n\n<p><\/p>\n","protected":false},"excerpt":{"rendered":"<p>Grande avanc\u00e9e pour le Pays Ven\u00e7ois ! Le Syndicat Intercommunal du Pays de Vence, compos\u00e9 des Communes de Coursegoules, Gatti\u00e8res, La Gaude, Saint-Jeannet, Saint-Paul-de-Vence, Tourrettes-sur-Loup et Vence, a obtenu le fameux label \u00ab Pays d\u2019Art et d\u2019Histoire \u00bb. Un label d\u2019excellence pour la pr\u00e9servation et la transmission Ce prestigieux label r\u00e9compense et qualifie les territoires qui s\u2019engagent activement dans\u202f: Un objectif commun\u202f: valoriser un cadre de vie d\u2019exception pour transmettre aux g\u00e9n\u00e9rations futures les richesses historiques et architecturales de notre territoire par une d\u00e9marche collective et responsable. La connaissance de leur patrimoine culturel et naturel. La conservation des t\u00e9moignages architecturaux et historiques. La m\u00e9diation pour sensibiliser le grand public et favoriser l\u2019acc\u00e8s \u00e0 la culture. Le soutien \u00e0 la cr\u00e9ation. Un partenariat actif et une d\u00e9marche \u00e0 long terme La mise en \u0153uvre de ce label repose sur une collaboration \u00e9troite entre l\u2019\u00c9tat et les Collectivit\u00e9s territoriales, formalis\u00e9e par une convention d\u00e9cennale. Une premi\u00e8re dans les Alpes-Maritimes ! A ce jour, ce r\u00e9seau national compte plus de 200 villes et Pays labellis\u00e9s en France. Si les Alpes-Maritimes comptent d\u00e9j\u00e0 trois villes labellis\u00e9es (Nice, Menton et Grasse), le Pays de Vence est le premier territoire intercommunal \u00e0 obtenir cette distinction d\u2019excellence ! Une reconnaissance qui honore notre patrimoine exceptionnel et souligne l\u2019engagement du Pays Ven\u00e7ois dans la pr\u00e9servation, la valorisation et l\u2019innovation culturelles. Concr\u00e8tement, le futur service \u00ab Art et Histoire \u00bb d\u00e9veloppera des outils de connaissance (inventaires, brochures, mallettes p\u00e9dagogique), f\u00e9d\u00e9rera des \u00e9v\u00e9nements et visites guid\u00e9es \u00e0 l\u2019occasion d\u2019\u00e9v\u00e9nements nationaux (journ\u00e9es de pays, Journ\u00e9es de l\u2019arch\u00e9ologie, journ\u00e9es Europ\u00e9ennes du Patrimoine) et mettra en place de tr\u00e8s nombreuses actions de sensibilisation aux richesses du patrimoine naturel et culturel. A terme, un Centre d\u2019Interpr\u00e9tation de l\u2019Architecture et du Patrimoine permettra de faire rayonner le Pays de Vence dans une optique de d\u00e9veloppement durable. Un grand pas en avant pour notre r\u00e9gion, une fiert\u00e9 pour ses habitants \u202f! Source \u00a9Gattieres.fr Dossier de candidature au label Pays d&rsquo;Art et D&rsquo;histoire.<\/p>\n","protected":false},"author":1,"featured_media":745,"comment_status":"closed","ping_status":"closed","sticky":true,"template":"","format":"standard","meta":{"footnotes":""},"categories":[14],"tags":[],"class_list":["post-673","post","type-post","status-publish","format-standard","has-post-thumbnail","hentry","category-pays-dart-et-dhistoire"],"acf":[],"_links":{"self":[{"href":"https:\/\/patrimoine.lagaude.fr\/index.php\/wp-json\/wp\/v2\/posts\/673","targetHints":{"allow":["GET"]}}],"collection":[{"href":"https:\/\/patrimoine.lagaude.fr\/index.php\/wp-json\/wp\/v2\/posts"}],"about":[{"href":"https:\/\/patrimoine.lagaude.fr\/index.php\/wp-json\/wp\/v2\/types\/post"}],"author":[{"embeddable":true,"href":"https:\/\/patrimoine.lagaude.fr\/index.php\/wp-json\/wp\/v2\/users\/1"}],"replies":[{"embeddable":true,"href":"https:\/\/patrimoine.lagaude.fr\/index.php\/wp-json\/wp\/v2\/comments?post=673"}],"version-history":[{"count":25,"href":"https:\/\/patrimoine.lagaude.fr\/index.php\/wp-json\/wp\/v2\/posts\/673\/revisions"}],"predecessor-version":[{"id":762,"href":"https:\/\/patrimoine.lagaude.fr\/index.php\/wp-json\/wp\/v2\/posts\/673\/revisions\/762"}],"wp:featuredmedia":[{"embeddable":true,"href":"https:\/\/patrimoine.lagaude.fr\/index.php\/wp-json\/wp\/v2\/media\/745"}],"wp:attachment":[{"href":"https:\/\/patrimoine.lagaude.fr\/index.php\/wp-json\/wp\/v2\/media?parent=673"}],"wp:term":[{"taxonomy":"category","embeddable":true,"href":"https:\/\/patrimoine.lagaude.fr\/index.php\/wp-json\/wp\/v2\/categories?post=673"},{"taxonomy":"post_tag","embeddable":true,"href":"https:\/\/patrimoine.lagaude.fr\/index.php\/wp-json\/wp\/v2\/tags?post=673"}],"curies":[{"name":"wp","href":"https:\/\/api.w.org\/{rel}","templated":true}]}}