{"id":100,"date":"2023-09-12T09:04:20","date_gmt":"2023-09-12T07:04:20","guid":{"rendered":"http:\/\/patrimoine.lagaude.fr\/?p=100"},"modified":"2025-06-17T15:27:20","modified_gmt":"2025-06-17T13:27:20","slug":"le-four-a-pain","status":"publish","type":"post","link":"https:\/\/patrimoine.lagaude.fr\/index.php\/2023\/09\/12\/le-four-a-pain\/","title":{"rendered":"Four communal"},"content":{"rendered":"\n<div class=\"wp-block-media-text is-stacked-on-mobile is-vertically-aligned-top\" style=\"grid-template-columns:25% auto\"><figure class=\"wp-block-media-text__media\"><img loading=\"lazy\" decoding=\"async\" width=\"499\" height=\"789\" src=\"https:\/\/patrimoine.lagaude.fr\/wp-content\/uploads\/2021\/06\/Four-a-pain-SM-scaled-e1628599866724.jpg\" alt=\"Four communal\" class=\"wp-image-336 size-full\" srcset=\"https:\/\/patrimoine.lagaude.fr\/wp-content\/uploads\/2021\/06\/Four-a-pain-SM-scaled-e1628599866724.jpg 499w, https:\/\/patrimoine.lagaude.fr\/wp-content\/uploads\/2021\/06\/Four-a-pain-SM-scaled-e1628599866724-190x300.jpg 190w\" sizes=\"auto, (max-width: 499px) 100vw, 499px\" \/><\/figure><div class=\"wp-block-media-text__content\">\n<p>Il existait deux fours \u00e0 pain communaux construits en 1624. Un au village et l&rsquo;autre \u00e0 la Basse-Gaude. <\/p>\n\n\n\n<p>Ce dernier a \u00e9t\u00e9 restaur\u00e9 en 1871 et mis en valeur ces derni\u00e8res ann\u00e9es notamment \u00e0 l\u2019occasion des festivit\u00e9s durant lesquelles le four est rallum\u00e9 donnant l&rsquo;occasion aux Gaudois de d\u00e9guster les sp\u00e9cialit\u00e9s du terroir.<\/p>\n<\/div><\/div>\n\n\n\n<div class=\"wp-block-buttons is-layout-flex wp-block-buttons-is-layout-flex\">\n<div class=\"wp-block-button\"><a class=\"wp-block-button__link has-white-color has-text-color has-background wp-element-button\" href=\"https:\/\/goo.gl\/maps\/ewNwdj1SpBBwUNc39\" style=\"background-color:#1e2b52\" target=\"_blank\" rel=\"noreferrer noopener\">Localiser le lieu<\/a><\/div>\n<\/div>\n","protected":false},"excerpt":{"rendered":"<p>Il existait deux fours \u00e0 pain communaux construits en 1624. Un au village et l&rsquo;autre \u00e0 la Basse-Gaude. Ce dernier a \u00e9t\u00e9 restaur\u00e9 en 1871 et mis en valeur ces derni\u00e8res ann\u00e9es notamment \u00e0 l\u2019occasion des festivit\u00e9s durant lesquelles le four est rallum\u00e9 donnant l&rsquo;occasion aux Gaudois de d\u00e9guster les sp\u00e9cialit\u00e9s du terroir.<\/p>\n","protected":false},"author":1,"featured_media":336,"comment_status":"closed","ping_status":"closed","sticky":true,"template":"","format":"standard","meta":{"footnotes":""},"categories":[13],"tags":[],"class_list":["post-100","post","type-post","status-publish","format-standard","has-post-thumbnail","hentry","category-heritage-culturel-historique"],"acf":[],"_links":{"self":[{"href":"https:\/\/patrimoine.lagaude.fr\/index.php\/wp-json\/wp\/v2\/posts\/100","targetHints":{"allow":["GET"]}}],"collection":[{"href":"https:\/\/patrimoine.lagaude.fr\/index.php\/wp-json\/wp\/v2\/posts"}],"about":[{"href":"https:\/\/patrimoine.lagaude.fr\/index.php\/wp-json\/wp\/v2\/types\/post"}],"author":[{"embeddable":true,"href":"https:\/\/patrimoine.lagaude.fr\/index.php\/wp-json\/wp\/v2\/users\/1"}],"replies":[{"embeddable":true,"href":"https:\/\/patrimoine.lagaude.fr\/index.php\/wp-json\/wp\/v2\/comments?post=100"}],"version-history":[{"count":16,"href":"https:\/\/patrimoine.lagaude.fr\/index.php\/wp-json\/wp\/v2\/posts\/100\/revisions"}],"predecessor-version":[{"id":699,"href":"https:\/\/patrimoine.lagaude.fr\/index.php\/wp-json\/wp\/v2\/posts\/100\/revisions\/699"}],"wp:featuredmedia":[{"embeddable":true,"href":"https:\/\/patrimoine.lagaude.fr\/index.php\/wp-json\/wp\/v2\/media\/336"}],"wp:attachment":[{"href":"https:\/\/patrimoine.lagaude.fr\/index.php\/wp-json\/wp\/v2\/media?parent=100"}],"wp:term":[{"taxonomy":"category","embeddable":true,"href":"https:\/\/patrimoine.lagaude.fr\/index.php\/wp-json\/wp\/v2\/categories?post=100"},{"taxonomy":"post_tag","embeddable":true,"href":"https:\/\/patrimoine.lagaude.fr\/index.php\/wp-json\/wp\/v2\/tags?post=100"}],"curies":[{"name":"wp","href":"https:\/\/api.w.org\/{rel}","templated":true}]}}